{"id":62,"date":"2024-02-13T15:37:53","date_gmt":"2024-02-13T12:37:53","guid":{"rendered":"https:\/\/www.enuygunaltin.com\/blog\/?p=62"},"modified":"2025-01-14T10:21:28","modified_gmt":"2025-01-14T07:21:28","slug":"altin-kararma-yapar-mi","status":"publish","type":"post","link":"https:\/\/www.enuygunaltin.com\/blog\/altin-kararma-yapar-mi\/","title":{"rendered":"Alt\u0131n Kararma Yapar M\u0131?"},"content":{"rendered":"<div id=\"ez-toc-container\" class=\"ez-toc-v2_0_82_2 counter-hierarchy ez-toc-counter ez-toc-custom ez-toc-container-direction\">\n<div class=\"ez-toc-title-container\">\n<p class=\"ez-toc-title\" style=\"cursor:inherit\">\u0130\u00e7indekiler<\/p>\n<span class=\"ez-toc-title-toggle\"><a href=\"#\" class=\"ez-toc-pull-right ez-toc-btn ez-toc-btn-xs ez-toc-btn-default ez-toc-toggle\" aria-label=\"\u0130\u00e7indekiler Tablosunu A\u00e7\/Kapat\"><span class=\"ez-toc-js-icon-con\"><span class=\"\"><span class=\"eztoc-hide\" style=\"display:none;\">Toggle<\/span><span class=\"ez-toc-icon-toggle-span\"><svg style=\"fill: #000000;color:#000000\" xmlns=\"http:\/\/www.w3.org\/2000\/svg\" class=\"list-377408\" width=\"20px\" height=\"20px\" viewBox=\"0 0 24 24\" fill=\"none\"><path d=\"M6 6H4v2h2V6zm14 0H8v2h12V6zM4 11h2v2H4v-2zm16 0H8v2h12v-2zM4 16h2v2H4v-2zm16 0H8v2h12v-2z\" fill=\"currentColor\"><\/path><\/svg><svg style=\"fill: #000000;color:#000000\" class=\"arrow-unsorted-368013\" xmlns=\"http:\/\/www.w3.org\/2000\/svg\" width=\"10px\" height=\"10px\" viewBox=\"0 0 24 24\" version=\"1.2\" baseProfile=\"tiny\"><path d=\"M18.2 9.3l-6.2-6.3-6.2 6.3c-.2.2-.3.4-.3.7s.1.5.3.7c.2.2.4.3.7.3h11c.3 0 .5-.1.7-.3.2-.2.3-.5.3-.7s-.1-.5-.3-.7zM5.8 14.7l6.2 6.3 6.2-6.3c.2-.2.3-.5.3-.7s-.1-.5-.3-.7c-.2-.2-.4-.3-.7-.3h-11c-.3 0-.5.1-.7.3-.2.2-.3.5-.3.7s.1.5.3.7z\"\/><\/svg><\/span><\/span><\/span><\/a><\/span><\/div>\n<nav><ul class='ez-toc-list ez-toc-list-level-1 ' ><li class='ez-toc-page-1 ez-toc-heading-level-2'><a class=\"ez-toc-link ez-toc-heading-1\" href=\"https:\/\/www.enuygunaltin.com\/blog\/altin-kararma-yapar-mi\/#24_Ayar_Altin_Kararir_Mi\" >24 Ayar Alt\u0131n Karar\u0131r M\u0131?<\/a><\/li><li class='ez-toc-page-1 ez-toc-heading-level-2'><a class=\"ez-toc-link ez-toc-heading-2\" href=\"https:\/\/www.enuygunaltin.com\/blog\/altin-kararma-yapar-mi\/#22_Ayar_Altin_Kararir_Mi\" >22 Ayar Alt\u0131n Karar\u0131r M\u0131?<\/a><\/li><li class='ez-toc-page-1 ez-toc-heading-level-2'><a class=\"ez-toc-link ez-toc-heading-3\" href=\"https:\/\/www.enuygunaltin.com\/blog\/altin-kararma-yapar-mi\/#14_Ayar_Altin_Kararma_Yapar_Mi\" >14 Ayar Alt\u0131n Kararma Yapar M\u0131?<\/a><\/li><li class='ez-toc-page-1 ez-toc-heading-level-2'><a class=\"ez-toc-link ez-toc-heading-4\" href=\"https:\/\/www.enuygunaltin.com\/blog\/altin-kararma-yapar-mi\/#8_Ayar_altin_Kararir_mi\" >8 Ayar alt\u0131n Karar\u0131r m\u0131?<\/a><\/li><li class='ez-toc-page-1 ez-toc-heading-level-2'><a class=\"ez-toc-link ez-toc-heading-5\" href=\"https:\/\/www.enuygunaltin.com\/blog\/altin-kararma-yapar-mi\/#Ceyrek_Altin_Kararir_Mi\" >\u00c7eyrek Alt\u0131n Karar\u0131r M\u0131?<\/a><\/li><\/ul><\/nav><\/div>\n<p>Evet, alt\u0131n zamanla kararma yapabilir ancak bu genellikle alt\u0131n\u0131n safl\u0131k derecesi ve \u00e7evresel fakt\u00f6rlere ba\u011fl\u0131d\u0131r. Saf alt\u0131n kararmaya daha az e\u011filimlidir \u00e7\u00fcnk\u00fc alt\u0131n, kimyasal olarak kararl\u0131 bir metaldir. Ancak, alt\u0131n genellikle di\u011fer metallerle ala\u015f\u0131m yap\u0131larak kullan\u0131l\u0131r ve bu ala\u015f\u0131mlar zamanla oksitlenme veya reaksiyona girebilir, bu da alt\u0131n\u0131n kararmas\u0131na neden olabilir. Yani alt\u0131n\u0131n rengini bozar.<\/p>\n<p>Alt\u0131n\u0131n kararmas\u0131na etki edebilecek fakt\u00f6rler aras\u0131nda \u015funlar yer alabilir:<\/p>\n<ol>\n<li><strong>Hava ve Nem:<\/strong> Nemli ortamlar alt\u0131n\u0131n kararmas\u0131na katk\u0131da bulunabilir. \u00d6zellikle, alt\u0131n uzun s\u00fcre nemli ortamlarda b\u0131rak\u0131l\u0131rsa veya hava ile temas\u0131 devam ederse, kararma olabilir.<\/li>\n<li><strong>Kozmetik ve Kimyasallar:<\/strong> Parf\u00fcm, losyon, sabun gibi kozmetik \u00fcr\u00fcnler veya kimyasal maddeler alt\u0131n bilezikleri etkileyebilir ve kararmas\u0131na neden olabilir.<\/li>\n<li><strong>Cilt PH D\u00fczeyi:<\/strong> Herkesin cildi farkl\u0131 pH seviyelerine sahiptir ve bu da baz\u0131 insanlar\u0131n alt\u0131n tak\u0131lar\u0131 daha h\u0131zl\u0131 karartmas\u0131na neden olabilir.<\/li>\n<li><strong>Depolama Ko\u015fullar\u0131:<\/strong> Alt\u0131n tak\u0131lar\u0131n do\u011fru bir \u015fekilde depolanmamas\u0131, hava ve neme daha fazla maruz kalmas\u0131na neden olabilir ve kararmas\u0131n\u0131 h\u0131zland\u0131rabilir.<\/li>\n<\/ol>\n<p>Alt\u0131n\u0131n kararmas\u0131n\u0131 \u00f6nlemek i\u00e7in, tak\u0131lar\u0131n\u0131z\u0131 d\u00fczenli olarak temizlemek, nemli ortamlardan uzak tutmak, parf\u00fcm veya kimyasallarla temas\u0131n\u0131 \u00f6nlemek ve uygun depolama ko\u015fullar\u0131n\u0131 sa\u011flamak \u00f6nemlidir. Ayr\u0131ca, alt\u0131n tak\u0131lar\u0131n\u0131z\u0131 d\u00fczenli olarak giymek ve temizlemek de kararmay\u0131 \u00f6nlemeye yard\u0131mc\u0131 olabilir.<\/p>\n<h2><span class=\"ez-toc-section\" id=\"24_Ayar_Altin_Kararir_Mi\"><\/span>24 Ayar Alt\u0131n Karar\u0131r M\u0131?<span class=\"ez-toc-section-end\"><\/span><\/h2>\n<p><img fetchpriority=\"high\" decoding=\"async\" class=\"size-full wp-image-64 aligncenter\" src=\"https:\/\/www.enuygunaltin.com\/blog\/wp-content\/uploads\/2024\/02\/24-Ayar-Altin-Kararir-Mi-Enuygunaltin.jpg\" alt=\"24 Ayar Alt\u0131n Karar\u0131r M\u0131 Enuygunalt\u0131n\" width=\"1024\" height=\"1024\" srcset=\"https:\/\/www.enuygunaltin.com\/blog\/wp-content\/uploads\/2024\/02\/24-Ayar-Altin-Kararir-Mi-Enuygunaltin.jpg 1024w, https:\/\/www.enuygunaltin.com\/blog\/wp-content\/uploads\/2024\/02\/24-Ayar-Altin-Kararir-Mi-Enuygunaltin-300x300.jpg 300w, https:\/\/www.enuygunaltin.com\/blog\/wp-content\/uploads\/2024\/02\/24-Ayar-Altin-Kararir-Mi-Enuygunaltin-150x150.jpg 150w, https:\/\/www.enuygunaltin.com\/blog\/wp-content\/uploads\/2024\/02\/24-Ayar-Altin-Kararir-Mi-Enuygunaltin-768x768.jpg 768w\" sizes=\"(max-width: 1024px) 100vw, 1024px\" \/><\/p>\n<p>24 ayar alt\u0131n, safl\u0131k bak\u0131m\u0131ndan di\u011fer alt\u0131n t\u00fcrlerine k\u0131yasla daha y\u00fcksektir ve genellikle %99,9 safl\u0131kta olabilir. Bu nedenle, 24 ayar alt\u0131n di\u011fer alt\u0131n kar\u0131\u015f\u0131mlar\u0131na g\u00f6re daha az kararabilir. Ancak, alt\u0131n\u0131n temas etti\u011fi \u00e7evresel fakt\u00f6rlerden dolay\u0131 zamanla hafif bir kararma ya\u015fanabilir. Bununla birlikte, d\u00fczenli bak\u0131m ve temizlik ile alt\u0131n\u0131n kararmas\u0131 \u00f6nlenmeye veya azalt\u0131lmaya \u00e7al\u0131\u015f\u0131labilir.<\/p>\n<h2><span class=\"ez-toc-section\" id=\"22_Ayar_Altin_Kararir_Mi\"><\/span>22 Ayar Alt\u0131n Karar\u0131r M\u0131?<span class=\"ez-toc-section-end\"><\/span><\/h2>\n<p><img decoding=\"async\" class=\"size-full wp-image-71 aligncenter\" src=\"https:\/\/www.enuygunaltin.com\/blog\/wp-content\/uploads\/2024\/02\/Altin-Kararma-Yapar-Mi-Enuygunaltin-1.jpg\" alt=\"22 Ayar Alt\u0131n Karar\u0131r M\u0131 Enuygunalt\u0131n\" width=\"1024\" height=\"1024\" srcset=\"https:\/\/www.enuygunaltin.com\/blog\/wp-content\/uploads\/2024\/02\/Altin-Kararma-Yapar-Mi-Enuygunaltin-1.jpg 1024w, https:\/\/www.enuygunaltin.com\/blog\/wp-content\/uploads\/2024\/02\/Altin-Kararma-Yapar-Mi-Enuygunaltin-1-300x300.jpg 300w, https:\/\/www.enuygunaltin.com\/blog\/wp-content\/uploads\/2024\/02\/Altin-Kararma-Yapar-Mi-Enuygunaltin-1-150x150.jpg 150w, https:\/\/www.enuygunaltin.com\/blog\/wp-content\/uploads\/2024\/02\/Altin-Kararma-Yapar-Mi-Enuygunaltin-1-768x768.jpg 768w\" sizes=\"(max-width: 1024px) 100vw, 1024px\" \/><\/p>\n<p>Evet, 22 ayar alt\u0131n da zamanla kararabilir. Alt\u0131n, kararmaya neden olan \u00e7e\u015fitli fakt\u00f6rlere maruz kalabilir. Bunlar aras\u0131nda hava, su, kozmetik \u00fcr\u00fcnler, ter ve kimyasal maddeler yer al\u0131r. Ancak, 22 ayar alt\u0131n, safl\u0131k derecesi daha y\u00fcksek oldu\u011fu i\u00e7in di\u011fer alt\u0131n kar\u0131\u015f\u0131mlar\u0131na g\u00f6re daha az e\u011filimli olabilir. Bununla birlikte, d\u00fczenli bak\u0131m ve temizlik alt\u0131n\u0131n kararmas\u0131n\u0131 \u00f6nleyebilir veya azaltabilir.<\/p>\n<h2><span class=\"ez-toc-section\" id=\"14_Ayar_Altin_Kararma_Yapar_Mi\"><\/span>14 Ayar Alt\u0131n Kararma Yapar M\u0131?<span class=\"ez-toc-section-end\"><\/span><\/h2>\n<p><img decoding=\"async\" class=\"size-full wp-image-72 aligncenter\" src=\"https:\/\/www.enuygunaltin.com\/blog\/wp-content\/uploads\/2024\/02\/14-Ayar-altin-Kararir-mi-Enuygunaltin.jpg\" alt=\"14 Ayar alt\u0131n Karar\u0131r m\u0131 Enuygunalt\u0131n\" width=\"1024\" height=\"1024\" srcset=\"https:\/\/www.enuygunaltin.com\/blog\/wp-content\/uploads\/2024\/02\/14-Ayar-altin-Kararir-mi-Enuygunaltin.jpg 1024w, https:\/\/www.enuygunaltin.com\/blog\/wp-content\/uploads\/2024\/02\/14-Ayar-altin-Kararir-mi-Enuygunaltin-300x300.jpg 300w, https:\/\/www.enuygunaltin.com\/blog\/wp-content\/uploads\/2024\/02\/14-Ayar-altin-Kararir-mi-Enuygunaltin-150x150.jpg 150w, https:\/\/www.enuygunaltin.com\/blog\/wp-content\/uploads\/2024\/02\/14-Ayar-altin-Kararir-mi-Enuygunaltin-768x768.jpg 768w\" sizes=\"(max-width: 1024px) 100vw, 1024px\" \/><\/p>\n<p>Evet, 14 ayar alt\u0131n zamanla kararma yapabilir. Kararma genellikle alt\u0131n\u0131n temas etti\u011fi hava, su, kozmetik \u00fcr\u00fcnler veya kimyasal maddeler gibi etkenlerden kaynaklanabilir. Ancak, 14 ayar alt\u0131n genellikle di\u011fer alt\u0131n kar\u0131\u015f\u0131mlar\u0131na g\u00f6re daha dayan\u0131kl\u0131 olabilir ve kararmaya daha az e\u011filimli olabilir. Yine de, d\u00fczenli bak\u0131m ve temizlik ile alt\u0131n\u0131z\u0131 korumak \u00f6nemlidir. \u00d6rne\u011fin <a href=\"https:\/\/www.enuygunaltin.com\/altin-bileklikler\/\">alt\u0131n bileklik<\/a>, <a href=\"https:\/\/www.enuygunaltin.com\/altin-kupeler\/\">alt\u0131n k\u00fcpe<\/a>, <a href=\"https:\/\/www.enuygunaltin.com\/altin-bilezikler\/\">alt\u0131n bilezik<\/a>, <a href=\"https:\/\/www.enuygunaltin.com\/altin-kolyeler\/\">alt\u0131n kolye<\/a>, <a href=\"https:\/\/www.enuygunaltin.com\/altin-yuzukler\/\">alt\u0131n y\u00fcz\u00fck<\/a> zaman i\u00e7inde kararma yapabilir.<\/p>\n<h2><span class=\"ez-toc-section\" id=\"8_Ayar_altin_Kararir_mi\"><\/span>8 Ayar alt\u0131n Karar\u0131r m\u0131?<span class=\"ez-toc-section-end\"><\/span><\/h2>\n<p><img loading=\"lazy\" decoding=\"async\" class=\"size-full wp-image-73 aligncenter\" src=\"https:\/\/www.enuygunaltin.com\/blog\/wp-content\/uploads\/2024\/02\/8-Ayar-altin-Kararir-mi-Enuygunaltin.jpg\" alt=\"8 Ayar alt\u0131n Karar\u0131r m\u0131 Enuygunalt\u0131n\" width=\"1024\" height=\"1024\" srcset=\"https:\/\/www.enuygunaltin.com\/blog\/wp-content\/uploads\/2024\/02\/8-Ayar-altin-Kararir-mi-Enuygunaltin.jpg 1024w, https:\/\/www.enuygunaltin.com\/blog\/wp-content\/uploads\/2024\/02\/8-Ayar-altin-Kararir-mi-Enuygunaltin-300x300.jpg 300w, https:\/\/www.enuygunaltin.com\/blog\/wp-content\/uploads\/2024\/02\/8-Ayar-altin-Kararir-mi-Enuygunaltin-150x150.jpg 150w, https:\/\/www.enuygunaltin.com\/blog\/wp-content\/uploads\/2024\/02\/8-Ayar-altin-Kararir-mi-Enuygunaltin-768x768.jpg 768w\" sizes=\"(max-width: 1024px) 100vw, 1024px\" \/><\/p>\n<p>Evet, 8 ayar alt\u0131n da zamanla kararabilir. 8 ayar alt\u0131n, alt\u0131n\u0131n daha d\u00fc\u015f\u00fck bir safl\u0131k derecesine sahiptir ve genellikle di\u011fer alt\u0131n kar\u0131\u015f\u0131mlar\u0131na k\u0131yasla daha fazla bak\u0131r veya di\u011fer ala\u015f\u0131mlar\u0131 i\u00e7erir. Bu nedenle, 8 ayar alt\u0131n daha e\u011filimli olabilir kararmaya.<\/p>\n<p>Alt\u0131n\u0131n temas etti\u011fi \u00e7evresel fakt\u00f6rler, hava, su, ter, kozmetik \u00fcr\u00fcnler ve kimyasal maddeler gibi etkenler alt\u0131n\u0131n kararmas\u0131na katk\u0131da bulunabilir. Alt\u0131n\u0131n d\u00fczenli bak\u0131m\u0131 ve temizli\u011fi, kararmay\u0131 \u00f6nlemeye veya azaltmaya yard\u0131mc\u0131 olabilir. Ancak, 8 ayar alt\u0131n gibi d\u00fc\u015f\u00fck safl\u0131k derecesine sahip tak\u0131lar, genellikle daha fazla bak\u0131m gerektirir ve daha \u00e7abuk kararabilirler.<\/p>\n<h2><span class=\"ez-toc-section\" id=\"Ceyrek_Altin_Kararir_Mi\"><\/span>\u00c7eyrek Alt\u0131n Karar\u0131r M\u0131?<span class=\"ez-toc-section-end\"><\/span><\/h2>\n<p><img loading=\"lazy\" decoding=\"async\" class=\"size-full wp-image-70 aligncenter\" src=\"https:\/\/www.enuygunaltin.com\/blog\/wp-content\/uploads\/2024\/02\/Ceyrek-Altin-Kararir-Mi-Enuygunaltin.jpg\" alt=\"\u00c7eyrek Alt\u0131n Karar\u0131r M\u0131 Enuygunalt\u0131n\" width=\"1024\" height=\"1024\" srcset=\"https:\/\/www.enuygunaltin.com\/blog\/wp-content\/uploads\/2024\/02\/Ceyrek-Altin-Kararir-Mi-Enuygunaltin.jpg 1024w, https:\/\/www.enuygunaltin.com\/blog\/wp-content\/uploads\/2024\/02\/Ceyrek-Altin-Kararir-Mi-Enuygunaltin-300x300.jpg 300w, https:\/\/www.enuygunaltin.com\/blog\/wp-content\/uploads\/2024\/02\/Ceyrek-Altin-Kararir-Mi-Enuygunaltin-150x150.jpg 150w, https:\/\/www.enuygunaltin.com\/blog\/wp-content\/uploads\/2024\/02\/Ceyrek-Altin-Kararir-Mi-Enuygunaltin-768x768.jpg 768w\" sizes=\"(max-width: 1024px) 100vw, 1024px\" \/><\/p>\n<p>Evet, \u00e7eyrek alt\u0131n da zamanla kararabilir. \u00c7eyrek alt\u0131n genellikle 22 ayar alt\u0131n olarak \u00fcretilir ve safl\u0131k derecesi y\u00fcksektir. Ancak, \u00e7evresel fakt\u00f6rler, hava, su, ter, kozmetik \u00fcr\u00fcnler ve kimyasal maddeler gibi etkenler alt\u0131n\u0131n kararmas\u0131na neden olabilir. Alt\u0131n\u0131n s\u00fcrekli temas etti\u011fi ortamlar, kararma s\u00fcrecini h\u0131zland\u0131rabilir.<\/p>\n<p>Ancak, d\u00fczenli bak\u0131m ve temizlik ile \u00e7eyrek alt\u0131n\u0131n\u0131z\u0131n kararmas\u0131n\u0131 \u00f6nleyebilir veya azaltabilirsiniz. Yine de, \u00e7eyrek alt\u0131n gibi de\u011ferli tak\u0131lar\u0131n\u0131z\u0131 korumak i\u00e7in dikkatli olmak ve d\u00fczenli bak\u0131m yapmak \u00f6nemlidir.<\/p>\n","protected":false},"excerpt":{"rendered":"<p>Evet, alt\u0131n zamanla kararma yapabilir ancak bu genellikle alt\u0131n\u0131n safl\u0131k derecesi ve \u00e7evresel fakt\u00f6rlere ba\u011fl\u0131d\u0131r. Saf alt\u0131n kararmaya daha az e\u011filimlidir \u00e7\u00fcnk\u00fc alt\u0131n, kimyasal olarak kararl\u0131 bir metaldir. Ancak, alt\u0131n genellikle di\u011fer metallerle ala\u015f\u0131m yap\u0131larak kullan\u0131l\u0131r ve bu ala\u015f\u0131mlar zamanla oksitlenme veya reaksiyona girebilir, bu da alt\u0131n\u0131n kararmas\u0131na neden olabilir. Yani alt\u0131n\u0131n rengini bozar. Alt\u0131n\u0131n [&hellip;]<\/p>\n","protected":false},"author":1,"featured_media":63,"comment_status":"open","ping_status":"open","sticky":false,"template":"","format":"standard","meta":{"_uag_custom_page_level_css":"","site-sidebar-layout":"default","site-content-layout":"","ast-site-content-layout":"default","site-content-style":"default","site-sidebar-style":"default","ast-global-header-display":"","ast-banner-title-visibility":"","ast-main-header-display":"","ast-hfb-above-header-display":"","ast-hfb-below-header-display":"","ast-hfb-mobile-header-display":"","site-post-title":"","ast-breadcrumbs-content":"","ast-featured-img":"","footer-sml-layout":"","ast-disable-related-posts":"","theme-transparent-header-meta":"","adv-header-id-meta":"","stick-header-meta":"","header-above-stick-meta":"","header-main-stick-meta":"","header-below-stick-meta":"","astra-migrate-meta-layouts":"default","ast-page-background-enabled":"default","ast-page-background-meta":{"desktop":{"background-color":"","background-image":"","background-repeat":"repeat","background-position":"center center","background-size":"auto","background-attachment":"scroll","background-type":"","background-media":"","overlay-type":"","overlay-color":"","overlay-opacity":"","overlay-gradient":""},"tablet":{"background-color":"","background-image":"","background-repeat":"repeat","background-position":"center center","background-size":"auto","background-attachment":"scroll","background-type":"","background-media":"","overlay-type":"","overlay-color":"","overlay-opacity":"","overlay-gradient":""},"mobile":{"background-color":"","background-image":"","background-repeat":"repeat","background-position":"center center","background-size":"auto","background-attachment":"scroll","background-type":"","background-media":"","overlay-type":"","overlay-color":"","overlay-opacity":"","overlay-gradient":""}},"ast-content-background-meta":{"desktop":{"background-color":"var(--ast-global-color-5)","background-image":"","background-repeat":"repeat","background-position":"center center","background-size":"auto","background-attachment":"scroll","background-type":"","background-media":"","overlay-type":"","overlay-color":"","overlay-opacity":"","overlay-gradient":""},"tablet":{"background-color":"var(--ast-global-color-5)","background-image":"","background-repeat":"repeat","background-position":"center center","background-size":"auto","background-attachment":"scroll","background-type":"","background-media":"","overlay-type":"","overlay-color":"","overlay-opacity":"","overlay-gradient":""},"mobile":{"background-color":"var(--ast-global-color-5)","background-image":"","background-repeat":"repeat","background-position":"center center","background-size":"auto","background-attachment":"scroll","background-type":"","background-media":"","overlay-type":"","overlay-color":"","overlay-opacity":"","overlay-gradient":""}},"footnotes":""},"categories":[1],"tags":[],"class_list":["post-62","post","type-post","status-publish","format-standard","has-post-thumbnail","hentry","category-genel"],"spectra_custom_meta":{"_edit_last":["1"],"_edit_lock":["1736839288:1"],"rank_math_internal_links_processed":["1"],"rank_math_seo_score":["69"],"rank_math_contentai_score":["a:4:{s:9:\"wordCount\";s:3:\"100\";s:9:\"linkCount\";s:1:\"0\";s:12:\"headingCount\";s:3:\"100\";s:10:\"mediaCount\";s:5:\"62.22\";}"],"rank_math_focus_keyword":["Alt\u0131n Kararma Yapar M\u0131?"],"_thumbnail_id":["63"],"_ez-toc-disabled":[""],"_ez-toc-insert":[""],"_ez-toc-header-label":[""],"_ez-toc-alignment":["none"],"_ez-toc-heading-levels":["a:0:{}"],"_ez-toc-alttext":[""],"_ez-toc-visibility_hide_by_default":[""],"_ez-toc-hide_counter":[""],"_ez-toc-exclude":[""],"rank_math_primary_category":["2"],"_wp_page_template":["default"],"_uag_css_file_name":["uag-css-62.css"],"_uag_page_assets":["a:9:{s:3:\"css\";s:260:\".uag-blocks-common-selector{z-index:var(--z-index-desktop) !important}@media(max-width: 976px){.uag-blocks-common-selector{z-index:var(--z-index-tablet) !important}}@media(max-width: 767px){.uag-blocks-common-selector{z-index:var(--z-index-mobile) !important}}\";s:2:\"js\";s:0:\"\";s:18:\"current_block_list\";a:7:{i:0;s:11:\"core\/search\";i:1;s:10:\"core\/group\";i:2;s:12:\"core\/heading\";i:3;s:17:\"core\/latest-posts\";i:4;s:20:\"core\/latest-comments\";i:5;s:13:\"core\/archives\";i:6;s:15:\"core\/categories\";}s:8:\"uag_flag\";b:0;s:11:\"uag_version\";s:10:\"1778153646\";s:6:\"gfonts\";a:0:{}s:10:\"gfonts_url\";s:0:\"\";s:12:\"gfonts_files\";a:0:{}s:14:\"uag_faq_layout\";b:0;}"],"_elementor_page_assets":["a:0:{}"]},"uagb_featured_image_src":{"full":["https:\/\/www.enuygunaltin.com\/blog\/wp-content\/uploads\/2024\/02\/Altin-Kararma-Yapar-Mi-Enuygunaltin.jpg",1024,1024,false],"thumbnail":["https:\/\/www.enuygunaltin.com\/blog\/wp-content\/uploads\/2024\/02\/Altin-Kararma-Yapar-Mi-Enuygunaltin-150x150.jpg",150,150,true],"medium":["https:\/\/www.enuygunaltin.com\/blog\/wp-content\/uploads\/2024\/02\/Altin-Kararma-Yapar-Mi-Enuygunaltin-300x300.jpg",300,300,true],"medium_large":["https:\/\/www.enuygunaltin.com\/blog\/wp-content\/uploads\/2024\/02\/Altin-Kararma-Yapar-Mi-Enuygunaltin-768x768.jpg",768,768,true],"large":["https:\/\/www.enuygunaltin.com\/blog\/wp-content\/uploads\/2024\/02\/Altin-Kararma-Yapar-Mi-Enuygunaltin.jpg",1024,1024,false],"1536x1536":["https:\/\/www.enuygunaltin.com\/blog\/wp-content\/uploads\/2024\/02\/Altin-Kararma-Yapar-Mi-Enuygunaltin.jpg",1024,1024,false],"2048x2048":["https:\/\/www.enuygunaltin.com\/blog\/wp-content\/uploads\/2024\/02\/Altin-Kararma-Yapar-Mi-Enuygunaltin.jpg",1024,1024,false]},"uagb_author_info":{"display_name":"Enuygunalt\u0131n Ailesi","author_link":"https:\/\/www.enuygunaltin.com\/blog\/yazar\/enuygunalt1n\/"},"uagb_comment_info":0,"uagb_excerpt":"Evet, alt\u0131n zamanla kararma yapabilir ancak bu genellikle alt\u0131n\u0131n safl\u0131k derecesi ve \u00e7evresel fakt\u00f6rlere ba\u011fl\u0131d\u0131r. Saf alt\u0131n kararmaya daha az e\u011filimlidir \u00e7\u00fcnk\u00fc alt\u0131n, kimyasal olarak kararl\u0131 bir metaldir. Ancak, alt\u0131n genellikle di\u011fer metallerle ala\u015f\u0131m yap\u0131larak kullan\u0131l\u0131r ve bu ala\u015f\u0131mlar zamanla oksitlenme veya reaksiyona girebilir, bu da alt\u0131n\u0131n kararmas\u0131na neden olabilir. Yani alt\u0131n\u0131n rengini bozar. Alt\u0131n\u0131n&hellip;","_links":{"self":[{"href":"https:\/\/www.enuygunaltin.com\/blog\/wp-json\/wp\/v2\/posts\/62","targetHints":{"allow":["GET"]}}],"collection":[{"href":"https:\/\/www.enuygunaltin.com\/blog\/wp-json\/wp\/v2\/posts"}],"about":[{"href":"https:\/\/www.enuygunaltin.com\/blog\/wp-json\/wp\/v2\/types\/post"}],"author":[{"embeddable":true,"href":"https:\/\/www.enuygunaltin.com\/blog\/wp-json\/wp\/v2\/users\/1"}],"replies":[{"embeddable":true,"href":"https:\/\/www.enuygunaltin.com\/blog\/wp-json\/wp\/v2\/comments?post=62"}],"version-history":[{"count":0,"href":"https:\/\/www.enuygunaltin.com\/blog\/wp-json\/wp\/v2\/posts\/62\/revisions"}],"wp:featuredmedia":[{"embeddable":true,"href":"https:\/\/www.enuygunaltin.com\/blog\/wp-json\/wp\/v2\/media\/63"}],"wp:attachment":[{"href":"https:\/\/www.enuygunaltin.com\/blog\/wp-json\/wp\/v2\/media?parent=62"}],"wp:term":[{"taxonomy":"category","embeddable":true,"href":"https:\/\/www.enuygunaltin.com\/blog\/wp-json\/wp\/v2\/categories?post=62"},{"taxonomy":"post_tag","embeddable":true,"href":"https:\/\/www.enuygunaltin.com\/blog\/wp-json\/wp\/v2\/tags?post=62"}],"curies":[{"name":"wp","href":"https:\/\/api.w.org\/{rel}","templated":true}]}}