{"id":142,"date":"2024-03-05T22:00:46","date_gmt":"2024-03-05T19:00:46","guid":{"rendered":"https:\/\/www.enuygunaltin.com\/blog\/?p=142"},"modified":"2025-01-14T10:20:52","modified_gmt":"2025-01-14T07:20:52","slug":"altin-cildi-neden-karartir","status":"publish","type":"post","link":"https:\/\/www.enuygunaltin.com\/blog\/altin-cildi-neden-karartir\/","title":{"rendered":"Alt\u0131n Cildi Neden Karart\u0131r?"},"content":{"rendered":"<p><strong>Alt\u0131n cildinizi karart\u0131yor mu?<\/strong> Bu, pek \u00e7ok ki\u015finin merak etti\u011fi ve anlamaya \u00e7al\u0131\u015ft\u0131\u011f\u0131 bir sorudur. Alt\u0131n\u0131n cilt rengini de\u011fi\u015ftirdi\u011fine dair yayg\u0131n bir inan\u00e7 vard\u0131r ve bu konu hakk\u0131nda \u00e7e\u015fitli spek\u00fclasyonlar dola\u015fmaktad\u0131r. Ancak <a href=\"https:\/\/www.enuygunaltin.com\/\">Enuygunalt\u0131n<\/a> olarak alt\u0131n\u0131n ger\u00e7ekten cilt rengini de\u011fi\u015ftirip de\u011fi\u015ftirmedi\u011fi konusunda kesin bir cevap bulmaya yard\u0131mc\u0131 olaca\u011f\u0131z.<\/p>\n<p>Alt\u0131n\u0131n ciltte karart\u0131c\u0131 etkiye sahip olup olmad\u0131\u011f\u0131n\u0131 anlamak i\u00e7in \u00f6ncelikle <strong>alt\u0131n\u0131n saf m\u0131 yoksa kar\u0131\u015f\u0131ml\u0131 m\u0131 oldu\u011funu<\/strong> anlamak gerekir. \u00c7\u00fcnk\u00fc alt\u0131n genellikle saf halde de\u011fil, genellikle farkl\u0131 metallerle ala\u015f\u0131ml\u0131 olarak kullan\u0131l\u0131r. Saf alt\u0131n do\u011fada yumu\u015fak oldu\u011fu i\u00e7in genellikle tak\u0131 yap\u0131m\u0131nda kullan\u0131lmaz. Tak\u0131larda daha s\u0131k tercih edilen alt\u0131n kar\u0131\u015f\u0131mlar\u0131 i\u00e7erisinde genellikle g\u00fcm\u00fc\u015f, bak\u0131r, nikel gibi metaller bulunur.<\/p>\n<blockquote>\n<p style=\"text-align: center;\">Enuygunalt\u0131n <a href=\"https:\/\/www.enuygunaltin.com\/altin-tasli-yuzukler\/\">Alt\u0131n Ta\u015fl\u0131 Y\u00fcz\u00fck<\/a> Modelleri ve Fiyatlar\u0131<\/p>\n<\/blockquote>\n<p>Alt\u0131n\u0131n karart\u0131c\u0131 etkisinin alt\u0131n kar\u0131\u015f\u0131m\u0131ndaki di\u011fer metallerden kaynakland\u0131\u011f\u0131 d\u00fc\u015f\u00fcn\u00fclmektedir. \u00d6zellikle <strong>bak\u0131r<\/strong>, <strong>alt\u0131n ala\u015f\u0131mlar\u0131nda<\/strong> s\u0131kl\u0131kla bulunan bir metaldir ve <strong>ciltte kararmaya yol a\u00e7abilir<\/strong>. Bu nedenle, alt\u0131n tak\u0131lar genellikle bak\u0131r i\u00e7erir ve bu da baz\u0131 insanlar\u0131n ciltlerinde kararmalara neden olabilir.<\/p>\n<p>Bununla birlikte, alt\u0131n\u0131n cilt rengini de\u011fi\u015ftirme <strong>etkisi ki\u015fiden ki\u015fiye de\u011fi\u015febilir.<\/strong> Baz\u0131 insanlar alt\u0131n takarken ciltlerinde herhangi bir reaksiyon g\u00f6stermezken, baz\u0131lar\u0131 kararma veya alerjik reaksiyonlar ya\u015fayabilir. Bu durum, ki\u015finin <strong>cilt tipine, tak\u0131yla temas s\u00fcresine ve alt\u0131n tak\u0131n\u0131n ala\u015f\u0131m\u0131na ba\u011fl\u0131<\/strong> olabilir.<\/p>\n<p>Ciltte kararmaya neden olan bir di\u011fer fakt\u00f6r ise <strong>kimyasal reaksiyonlard\u0131r.<\/strong> \u00d6zellikle terleme ve ciltte bulunan do\u011fal ya\u011flar, alt\u0131n tak\u0131larla temas etti\u011finde kimyasal tepkimelere neden olabilir ve bu da ciltte kararmalara yol a\u00e7abilir.<\/p>\n<p>Alt\u0131n\u0131n ciltte karart\u0131c\u0131 etkisinin yan\u0131 s\u0131ra, <strong>alt\u0131n tak\u0131lar\u0131n temizli\u011fine dikkat etmek<\/strong> de \u00f6nemlidir. Tak\u0131lar zamanla kirlenebilir ve bu da ciltte lekelere veya kararmalara yol a\u00e7abilir. Bu nedenle, d\u00fczenli olarak alt\u0131n tak\u0131lar\u0131 temizlemek ve bak\u0131m\u0131n\u0131 yapmak \u00f6nemlidir.<\/p>\n<p>Sonu\u00e7 olarak, alt\u0131n\u0131n ciltte karart\u0131c\u0131 etkisi olup olmad\u0131\u011f\u0131 konusu karma\u015f\u0131k bir konudur ve bir\u00e7ok fakt\u00f6re ba\u011fl\u0131d\u0131r. Ancak, alt\u0131n tak\u0131lar\u0131n d\u00fczenli bak\u0131m\u0131 ve temizli\u011fiyle bu olas\u0131 etkilerin minimize edilebilece\u011fi unutulmamal\u0131d\u0131r. Ayr\u0131ca, alt\u0131n ala\u015f\u0131mlar\u0131n\u0131n i\u00e7eri\u011fini g\u00f6z \u00f6n\u00fcnde bulundurarak ve cilt tipinize uygun tak\u0131lar\u0131 se\u00e7erek olas\u0131 sorunlar\u0131 \u00f6nlemek m\u00fcmk\u00fcnd\u00fcr.<\/p>\n<blockquote>\n<p style=\"text-align: center;\">Enuygunalt\u0131n Alt\u0131n <a href=\"https:\/\/www.enuygunaltin.com\/altin-renkli-tasli-yuzukler\/\">Renkli Ta\u015fl\u0131 Y\u00fcz\u00fck<\/a> Modelleri ve Fiyatlar\u0131<\/p>\n<\/blockquote>\n","protected":false},"excerpt":{"rendered":"<p>Alt\u0131n cildinizi karart\u0131yor mu? Bu, pek \u00e7ok ki\u015finin merak etti\u011fi ve anlamaya \u00e7al\u0131\u015ft\u0131\u011f\u0131 bir sorudur. Alt\u0131n\u0131n cilt rengini de\u011fi\u015ftirdi\u011fine dair yayg\u0131n bir inan\u00e7 vard\u0131r ve bu konu hakk\u0131nda \u00e7e\u015fitli spek\u00fclasyonlar dola\u015fmaktad\u0131r. Ancak Enuygunalt\u0131n olarak alt\u0131n\u0131n ger\u00e7ekten cilt rengini de\u011fi\u015ftirip de\u011fi\u015ftirmedi\u011fi konusunda kesin bir cevap bulmaya yard\u0131mc\u0131 olaca\u011f\u0131z. Alt\u0131n\u0131n ciltte karart\u0131c\u0131 etkiye sahip olup olmad\u0131\u011f\u0131n\u0131 anlamak [&hellip;]<\/p>\n","protected":false},"author":1,"featured_media":143,"comment_status":"open","ping_status":"open","sticky":false,"template":"","format":"standard","meta":{"_uag_custom_page_level_css":"","site-sidebar-layout":"default","site-content-layout":"","ast-site-content-layout":"default","site-content-style":"default","site-sidebar-style":"default","ast-global-header-display":"","ast-banner-title-visibility":"","ast-main-header-display":"","ast-hfb-above-header-display":"","ast-hfb-below-header-display":"","ast-hfb-mobile-header-display":"","site-post-title":"","ast-breadcrumbs-content":"","ast-featured-img":"","footer-sml-layout":"","ast-disable-related-posts":"","theme-transparent-header-meta":"","adv-header-id-meta":"","stick-header-meta":"","header-above-stick-meta":"","header-main-stick-meta":"","header-below-stick-meta":"","astra-migrate-meta-layouts":"default","ast-page-background-enabled":"default","ast-page-background-meta":{"desktop":{"background-color":"","background-image":"","background-repeat":"repeat","background-position":"center center","background-size":"auto","background-attachment":"scroll","background-type":"","background-media":"","overlay-type":"","overlay-color":"","overlay-opacity":"","overlay-gradient":""},"tablet":{"background-color":"","background-image":"","background-repeat":"repeat","background-position":"center center","background-size":"auto","background-attachment":"scroll","background-type":"","background-media":"","overlay-type":"","overlay-color":"","overlay-opacity":"","overlay-gradient":""},"mobile":{"background-color":"","background-image":"","background-repeat":"repeat","background-position":"center center","background-size":"auto","background-attachment":"scroll","background-type":"","background-media":"","overlay-type":"","overlay-color":"","overlay-opacity":"","overlay-gradient":""}},"ast-content-background-meta":{"desktop":{"background-color":"var(--ast-global-color-5)","background-image":"","background-repeat":"repeat","background-position":"center center","background-size":"auto","background-attachment":"scroll","background-type":"","background-media":"","overlay-type":"","overlay-color":"","overlay-opacity":"","overlay-gradient":""},"tablet":{"background-color":"var(--ast-global-color-5)","background-image":"","background-repeat":"repeat","background-position":"center center","background-size":"auto","background-attachment":"scroll","background-type":"","background-media":"","overlay-type":"","overlay-color":"","overlay-opacity":"","overlay-gradient":""},"mobile":{"background-color":"var(--ast-global-color-5)","background-image":"","background-repeat":"repeat","background-position":"center center","background-size":"auto","background-attachment":"scroll","background-type":"","background-media":"","overlay-type":"","overlay-color":"","overlay-opacity":"","overlay-gradient":""}},"footnotes":""},"categories":[1],"tags":[],"class_list":["post-142","post","type-post","status-publish","format-standard","has-post-thumbnail","hentry","category-genel"],"spectra_custom_meta":{"_edit_last":["1"],"_edit_lock":["1736839253:1"],"rank_math_internal_links_processed":["1"],"rank_math_seo_score":["63"],"rank_math_contentai_score":["a:4:{s:9:\"wordCount\";s:3:\"100\";s:9:\"linkCount\";s:1:\"0\";s:12:\"headingCount\";s:3:\"100\";s:10:\"mediaCount\";s:5:\"62.22\";}"],"rank_math_focus_keyword":["Alt\u0131n Cildi Neden Karart\u0131r?"],"_thumbnail_id":["143"],"_ez-toc-disabled":[""],"_ez-toc-insert":[""],"_ez-toc-header-label":[""],"_ez-toc-alignment":["none"],"_ez-toc-heading-levels":["a:0:{}"],"_ez-toc-alttext":[""],"_ez-toc-visibility_hide_by_default":[""],"_ez-toc-hide_counter":[""],"_ez-toc-exclude":[""],"rank_math_primary_category":["2"],"_wp_page_template":["default"],"_uag_css_file_name":["uag-css-142.css"],"_uag_page_assets":["a:9:{s:3:\"css\";s:260:\".uag-blocks-common-selector{z-index:var(--z-index-desktop) !important}@media(max-width: 976px){.uag-blocks-common-selector{z-index:var(--z-index-tablet) !important}}@media(max-width: 767px){.uag-blocks-common-selector{z-index:var(--z-index-mobile) !important}}\";s:2:\"js\";s:0:\"\";s:18:\"current_block_list\";a:7:{i:0;s:11:\"core\/search\";i:1;s:10:\"core\/group\";i:2;s:12:\"core\/heading\";i:3;s:17:\"core\/latest-posts\";i:4;s:20:\"core\/latest-comments\";i:5;s:13:\"core\/archives\";i:6;s:15:\"core\/categories\";}s:8:\"uag_flag\";b:0;s:11:\"uag_version\";s:10:\"1778153646\";s:6:\"gfonts\";a:0:{}s:10:\"gfonts_url\";s:0:\"\";s:12:\"gfonts_files\";a:0:{}s:14:\"uag_faq_layout\";b:0;}"],"_elementor_page_assets":["a:0:{}"]},"uagb_featured_image_src":{"full":["https:\/\/www.enuygunaltin.com\/blog\/wp-content\/uploads\/2024\/03\/Altin-Cildi-Neden-Karartir.jpg",1024,1024,false],"thumbnail":["https:\/\/www.enuygunaltin.com\/blog\/wp-content\/uploads\/2024\/03\/Altin-Cildi-Neden-Karartir-150x150.jpg",150,150,true],"medium":["https:\/\/www.enuygunaltin.com\/blog\/wp-content\/uploads\/2024\/03\/Altin-Cildi-Neden-Karartir-300x300.jpg",300,300,true],"medium_large":["https:\/\/www.enuygunaltin.com\/blog\/wp-content\/uploads\/2024\/03\/Altin-Cildi-Neden-Karartir-768x768.jpg",768,768,true],"large":["https:\/\/www.enuygunaltin.com\/blog\/wp-content\/uploads\/2024\/03\/Altin-Cildi-Neden-Karartir.jpg",1024,1024,false],"1536x1536":["https:\/\/www.enuygunaltin.com\/blog\/wp-content\/uploads\/2024\/03\/Altin-Cildi-Neden-Karartir.jpg",1024,1024,false],"2048x2048":["https:\/\/www.enuygunaltin.com\/blog\/wp-content\/uploads\/2024\/03\/Altin-Cildi-Neden-Karartir.jpg",1024,1024,false]},"uagb_author_info":{"display_name":"Enuygunalt\u0131n Ailesi","author_link":"https:\/\/www.enuygunaltin.com\/blog\/yazar\/enuygunalt1n\/"},"uagb_comment_info":0,"uagb_excerpt":"Alt\u0131n cildinizi karart\u0131yor mu? Bu, pek \u00e7ok ki\u015finin merak etti\u011fi ve anlamaya \u00e7al\u0131\u015ft\u0131\u011f\u0131 bir sorudur. Alt\u0131n\u0131n cilt rengini de\u011fi\u015ftirdi\u011fine dair yayg\u0131n bir inan\u00e7 vard\u0131r ve bu konu hakk\u0131nda \u00e7e\u015fitli spek\u00fclasyonlar dola\u015fmaktad\u0131r. Ancak Enuygunalt\u0131n olarak alt\u0131n\u0131n ger\u00e7ekten cilt rengini de\u011fi\u015ftirip de\u011fi\u015ftirmedi\u011fi konusunda kesin bir cevap bulmaya yard\u0131mc\u0131 olaca\u011f\u0131z. Alt\u0131n\u0131n ciltte karart\u0131c\u0131 etkiye sahip olup olmad\u0131\u011f\u0131n\u0131 anlamak&hellip;","_links":{"self":[{"href":"https:\/\/www.enuygunaltin.com\/blog\/wp-json\/wp\/v2\/posts\/142","targetHints":{"allow":["GET"]}}],"collection":[{"href":"https:\/\/www.enuygunaltin.com\/blog\/wp-json\/wp\/v2\/posts"}],"about":[{"href":"https:\/\/www.enuygunaltin.com\/blog\/wp-json\/wp\/v2\/types\/post"}],"author":[{"embeddable":true,"href":"https:\/\/www.enuygunaltin.com\/blog\/wp-json\/wp\/v2\/users\/1"}],"replies":[{"embeddable":true,"href":"https:\/\/www.enuygunaltin.com\/blog\/wp-json\/wp\/v2\/comments?post=142"}],"version-history":[{"count":0,"href":"https:\/\/www.enuygunaltin.com\/blog\/wp-json\/wp\/v2\/posts\/142\/revisions"}],"wp:featuredmedia":[{"embeddable":true,"href":"https:\/\/www.enuygunaltin.com\/blog\/wp-json\/wp\/v2\/media\/143"}],"wp:attachment":[{"href":"https:\/\/www.enuygunaltin.com\/blog\/wp-json\/wp\/v2\/media?parent=142"}],"wp:term":[{"taxonomy":"category","embeddable":true,"href":"https:\/\/www.enuygunaltin.com\/blog\/wp-json\/wp\/v2\/categories?post=142"},{"taxonomy":"post_tag","embeddable":true,"href":"https:\/\/www.enuygunaltin.com\/blog\/wp-json\/wp\/v2\/tags?post=142"}],"curies":[{"name":"wp","href":"https:\/\/api.w.org\/{rel}","templated":true}]}}